{"id":6220,"date":"2025-01-24T12:21:55","date_gmt":"2025-01-24T11:21:55","guid":{"rendered":"https:\/\/aitanasanchez.es\/sin-categorizar\/abogado-accidentes-de-trafico-barcelona-que-derechos-tengo-si-sufro-lesiones-graves-con-la-moto\/"},"modified":"2025-01-30T12:15:16","modified_gmt":"2025-01-30T11:15:16","slug":"abogado-accidentes-de-trafico-barcelona-que-derechos-tengo-si-sufro-lesiones-graves-con-la-moto","status":"publish","type":"post","link":"https:\/\/aitanasanchez.es\/ca\/advocat-accident-de-transit\/abogado-accidentes-de-trafico-barcelona-que-derechos-tengo-si-sufro-lesiones-graves-con-la-moto\/","title":{"rendered":"Advocat accidents de tr\u00e0nsit Barcelona: Quins drets tinc si sofreixo lesions greus amb la moto?"},"content":{"rendered":"\n<p>Un accident de moto pot canviar la vida en un instant. D&#8217;aqu\u00ed ve que comptar amb el suport d\u00fan <a href=\"https:\/\/aitanasanchez.es\/ca\/advocat-accident-de-transit-barcelona\/\" data-type=\"page\" data-id=\"486\">advocat d&#8217;accidents de tr\u00e0nsit a Barcelona<strong> <\/strong><\/a>resulti fonamental per a protegir els teus drets. Per a ning\u00fa \u00e9s un secret que la vulnerabilitat dels motociclistes enfront d&#8217;altres vehicles incrementa la gravetat de les seves lesions que, en general, estan associades a fractures, lesions en la columna i traumatismes cranioencef\u00e0lics. Els afectats han de rebre tractaments m\u00e8dics prolongats i fisioter\u00e0pia i, en alguns casos, s&#8217;enfronten a seq\u00fceles permanents. Una indemnitzaci\u00f3 d&#8217;acord amb els danys ocasionats pot ser vital per a cobrir les despeses sanit\u00e0ries i de rehabilitaci\u00f3 i compensar les p\u00e8rdues sofertes.<\/p>\n\n\n\n<p>En aquest article, abordarem els passos que has de seguir despr\u00e9s d&#8217;un accident amb moto i explicarem per qu\u00e8 comptar amb un advocat experimentat pot marcar la difer\u00e8ncia en el proc\u00e9s. El seu suport et garantir\u00e0 una representaci\u00f3 legal s\u00f2lida i et donar\u00e0 l&#8217;acompanyament emocional que necessites per a superar aquest desafiament i enfocar-te en la teva recuperaci\u00f3.<\/p>\n\n\n\n<h2 class=\"wp-block-heading\"><strong><strong>Els drets del motorista despr\u00e9s d&#8217;un accident greu<\/strong><\/strong><\/h2>\n\n\n\n<p>Tenir un accident amb moto pot ser una experi\u00e8ncia traum\u00e0tica. Els danys al teu vehicle poden suposar grans p\u00e8rdues econ\u00f2miques i de temps per a les teves activitats di\u00e0ries, i les ferides f\u00edsiques requereixen tota la teva atenci\u00f3 i dedicaci\u00f3. Sabem que en un primer moment el que m\u00e9s et preocupa \u00e9s la teva r\u00e0pida recuperaci\u00f3, per\u00f2 no pots perdre de vista els drets que et protegeixen i que pots reclamar:<\/p>\n\n\n\n<ol class=\"wp-block-list\">\n<li><strong>Indemnitzaci\u00f3 econ\u00f2mica.<\/strong> Aqu\u00ed s&#8217;inclouen despeses relacionades amb:<\/li>\n<\/ol>\n\n\n\n<ul class=\"wp-block-list\">\n<li>Atenci\u00f3 m\u00e8dica i rehabilitaci\u00f3.<\/li>\n\n\n\n<li>P\u00e8rdua d&#8217;ingressos a causa d&#8217;incapacitat temporal o permanent.<\/li>\n\n\n\n<li>Costos associats a les adaptacions i reformes que hagi requerit el teu habitatge o el teu espai de treball per a millorar l&#8217;accessibilitat.<\/li>\n<\/ul>\n\n\n\n<ol start=\"2\" class=\"wp-block-list\">\n<li><strong>Compensaci\u00f3 per danys psicol\u00f2gics.<\/strong> Els efectes emocionals i psicol\u00f2gics de l&#8217;accident com l&#8217;estr\u00e8s posttraum\u00e0tic, l&#8217;ansietat o la depressi\u00f3, s\u00f3n igualment rellevants i han de ser considerats com a part de la teva reclamaci\u00f3.<\/li>\n\n\n\n<li><strong>Reparaci\u00f3 o substituci\u00f3 de b\u00e9ns materials.<\/strong> Pots exigir la reparaci\u00f3 o la substituci\u00f3 de la moto i els objectes personals que hagin sofert durant l&#8217;accident.<\/li>\n<\/ol>\n\n\n\n<p>Fins i tot si la responsabilitat \u00e9s compartida, per exemple, a causa d&#8217;una mala senyalitzaci\u00f3 vi\u00e0ria o defectes en la carretera, tens dret a reclamar una indemnitzaci\u00f3. En aquesta mena de situacions, comptar amb un advocat especialitzat en accidents de tr\u00e0nsit resulta indispensable per a considerar tots els factors i garantir una defensa adequada.<\/p>\n\n\n\n<h2 class=\"wp-block-heading\"><strong><strong>Pas a pas despr\u00e9s de l&#8217;accident<\/strong><\/strong><\/h2>\n\n\n\n<p>La calma \u00e9s la millor consellera davant qualsevol imprevist, per\u00f2 els nervis poden jugar en contra. Aix\u00ed que \u00e9s important interioritzar el pas a pas que et permetr\u00e0 prendre decisions encertades quant t&#8217;enfrontis a una situaci\u00f3 tan delicada com un accident de moto.<\/p>\n\n\n\n<ol start=\"1\" class=\"wp-block-list\">\n<li><strong>Informar a les autoritats:<\/strong> contacta a la policia al m\u00e9s aviat possible per a denunciar l&#8217;accident i obtenir un informe oficial. Aquest document ser\u00e0 una evid\u00e8ncia clau en qualsevol reclamaci\u00f3.<\/li>\n\n\n\n<li><strong>Reunir proves:<\/strong> fes fotografies del lloc de l&#8217;accident, recull testimoniatges de testimonis i conserva qualsevol evid\u00e8ncia rellevant que recolzi la teva versi\u00f3 dels fets.<\/li>\n\n\n\n<li><strong>Demanar una avaluaci\u00f3 m\u00e8dica:<\/strong> encara que no sentis dolor immediat, consulta a un metge per a identificar possibles lesions. Els informes m\u00e8dics permeten calcular els danys soferts.<\/li>\n\n\n\n<li><strong>Gesti\u00f3 amb l\u2019asseguradora:<\/strong> negocia amb compte, ja que les companyies d&#8217;assegurances solen intentar reduir les indemnitzacions.<\/li>\n<\/ol>\n\n\n\n<p>En quant als terminis legals per a presentar reclamacions, has de saber que s\u00f3n estrictes i han de complir-se rigorosament. A Espanya, el termini general per a reclamar per danys personals \u00e9s d&#8217;un any a partir de la data de l&#8217;accident. No obstant aix\u00f2, retardar les accions pot dificultar l&#8217;obtenci\u00f3 de proves rellevants, com a declaracions de testimonis o gravacions de c\u00e0meres de seguretat, les quals solen ser m\u00e9s accessibles i fiables en els dies immediatament posteriors al succ\u00e9s. Per aquesta ra\u00f3, \u00e9s altament recomanable buscar assessorament legal al m\u00e9s aviat possible.<\/p>\n\n\n\n<h2 class=\"wp-block-heading\"><strong>Per qu\u00e8 contractar un advocat d&#8217;accidents de tr\u00e0nsit a Barcelona?<\/strong><\/h2>\n\n\n\n<p>Un advocat especialitzat ofereix un suport integral des de l&#8217;inici del cas, oferint-te&nbsp; assist\u00e8ncia en la recopilaci\u00f3 de les proves clau i en la gesti\u00f3 de les negociacions amb les asseguradores perqu\u00e8 els acords siguin justos i protegeixin els teus interessos.<\/p>\n\n\n\n<p>La legislaci\u00f3 de tr\u00e0nsit pot ser complexa i varia segons el tipus d&#8217;accident i les seves particularitats. Comptar amb un advocat experimentat garanteix un coneixement profund de les normatives locals i els procediments legals espec\u00edfics de la comunitat. En situacions que involucrin motocicletes, vianants o ciclistes, un professional en aquest \u00e0mbit pot argumentar de manera efectiva si l&#8217;accident va ser causat per la neglig\u00e8ncia d&#8217;un altre conductor, defectes en la infraestructura vi\u00e0ria o fallades mec\u00e0niques del vehicle. A m\u00e9s, et brindar\u00e0 assessorament per a calcular amb precisi\u00f3 la indemnitzaci\u00f3 que et correspon, considerant tots els factors, inclosos possibles despeses futures relacionats amb l&#8217;atenci\u00f3 sanit\u00e0ria a llarg termini i l&#8217;impacte en la qualitat de vida.<\/p>\n\n\n\n<p>Finalment, si el cas el requereix, un advocat especialista en accidents de tr\u00e0nsit sabr\u00e0 com representa els teus interessos davant els tribunals.<\/p>\n\n\n\n<p>A <a href=\"https:\/\/aitanasanchez.es\/ca\/contacte\/\" data-type=\"page\" data-id=\"74\">Aitana S\u00e1nchez Abogados<\/a>, bufet especialitzat en accidents de tr\u00e0nsit a Barcelona, trobar\u00e0s la traject\u00f2ria que cerques i, a m\u00e9s, el tracte personalitzat per a comprendre les teves circumst\u00e0ncies particulars i les teves expectatives. Aix\u00ed, podr\u00e0s centrar-te en la teva recuperaci\u00f3 f\u00edsica i psicol\u00f2gica amb la tranquil\u00b7litat que el teu cas est\u00e0 en les millors mans.<\/p>\n\n\n\n<p><\/p>\n","protected":false},"excerpt":{"rendered":"<p>Un accident de moto pot canviar la vida en un instant. Per aix\u00f2 \u00e9s fonamental comptar amb el suport d\u00fan advocat d&#8217;accidents de tr\u00e0nsit.<\/p>\n","protected":false},"author":4,"featured_media":6217,"comment_status":"closed","ping_status":"open","sticky":false,"template":"","format":"standard","meta":{"footnotes":""},"categories":[61],"tags":[59],"class_list":["post-6220","post","type-post","status-publish","format-standard","has-post-thumbnail","hentry","category-advocat-accident-de-transit","tag-accidents-de-transit"],"_links":{"self":[{"href":"https:\/\/aitanasanchez.es\/ca\/wp-json\/wp\/v2\/posts\/6220","targetHints":{"allow":["GET"]}}],"collection":[{"href":"https:\/\/aitanasanchez.es\/ca\/wp-json\/wp\/v2\/posts"}],"about":[{"href":"https:\/\/aitanasanchez.es\/ca\/wp-json\/wp\/v2\/types\/post"}],"author":[{"embeddable":true,"href":"https:\/\/aitanasanchez.es\/ca\/wp-json\/wp\/v2\/users\/4"}],"replies":[{"embeddable":true,"href":"https:\/\/aitanasanchez.es\/ca\/wp-json\/wp\/v2\/comments?post=6220"}],"version-history":[{"count":2,"href":"https:\/\/aitanasanchez.es\/ca\/wp-json\/wp\/v2\/posts\/6220\/revisions"}],"predecessor-version":[{"id":6256,"href":"https:\/\/aitanasanchez.es\/ca\/wp-json\/wp\/v2\/posts\/6220\/revisions\/6256"}],"wp:featuredmedia":[{"embeddable":true,"href":"https:\/\/aitanasanchez.es\/ca\/wp-json\/wp\/v2\/media\/6217"}],"wp:attachment":[{"href":"https:\/\/aitanasanchez.es\/ca\/wp-json\/wp\/v2\/media?parent=6220"}],"wp:term":[{"taxonomy":"category","embeddable":true,"href":"https:\/\/aitanasanchez.es\/ca\/wp-json\/wp\/v2\/categories?post=6220"},{"taxonomy":"post_tag","embeddable":true,"href":"https:\/\/aitanasanchez.es\/ca\/wp-json\/wp\/v2\/tags?post=6220"}],"curies":[{"name":"wp","href":"https:\/\/api.w.org\/{rel}","templated":true}]}}