{"id":6430,"date":"2026-04-29T18:48:08","date_gmt":"2026-04-29T16:48:08","guid":{"rendered":"https:\/\/aitanasanchez.es\/sin-categorizar\/abogado-especialista-en-accidentes-de-trafico-en-barcelona-cuando-y-como-pedir-una-indemnizacion\/"},"modified":"2026-04-29T18:59:14","modified_gmt":"2026-04-29T16:59:14","slug":"abogado-especialista-en-accidentes-de-trafico-en-barcelona-cuando-y-como-pedir-una-indemnizacion","status":"publish","type":"post","link":"https:\/\/aitanasanchez.es\/ca\/advocat-accident-de-transit\/abogado-especialista-en-accidentes-de-trafico-en-barcelona-cuando-y-como-pedir-una-indemnizacion\/","title":{"rendered":"Advocat especialista en accidents de tr\u00e0nsit a Barcelona: quan i com demanar una indemnitzaci\u00f3"},"content":{"rendered":"\n<p>Saber quan i com actuar per a reclamar amb garanties comen\u00e7a per comptar amb el suport d&#8217;un <strong><a href=\"https:\/\/aitanasanchez.es\/ca\/advocat-accident-de-transit-barcelona\/\">advocat especialista en accidents de tr\u00e0nsit a Barcelona<\/a><\/strong>. \u00c9s un dret que assisteix a qualsevol persona que hagi sofert danys a conseq\u00fc\u00e8ncia d&#8217;un sinistre vial, ja sigui com a conductor, acompanyant, ciclista o vianant. No obstant aix\u00f2, exercir aquest dret de manera efectiva no sempre \u00e9s senzill. Les dades de la DGT s\u00f3n eloq\u00fcents: en 2025 van morir en les carreteres espanyoles 1.119 persones en vies interurbanes, el segon registre m\u00e9s baix des de 1960, per\u00f2 una xifra que continua sent inacceptablement alta i que no inclou encara els sinistres produ\u00efts en vies urbanes ni els morts en dies posteriors a l&#8217;accident.<\/p>\n\n\n\n<p>En <a href=\"https:\/\/aitanasanchez.es\/ca\/\">Aitana S\u00e1nchez\u00a0Abogados\u00a0<\/a>sabem que el moment de l&#8217;accident \u00e9s dels m\u00e9s dif\u00edcils que pot travessar una persona. El xoc, les lesions, la burocr\u00e0cia i la pressi\u00f3 de les asseguradores conflueixen en un escenari en el qual comptar amb un advocat independent no \u00e9s un luxe, sin\u00f3 una necessitat real.<\/p>\n\n\n\n<h2 class=\"wp-block-heading\">Qui t\u00e9 dret a reclamar una indemnitzaci\u00f3?<\/h2>\n\n\n\n<p>Per regla general, qualsevol persona que hagi sofert danys f\u00edsics, psicol\u00f2gics o materials a conseq\u00fc\u00e8ncia d&#8217;un accident de tr\u00e0nsit t\u00e9 dret a reclamar una indemnitzaci\u00f3 per accident de tr\u00e0nsit. Aix\u00f2 inclou als conductors del vehicle accidentat, als seus acompanyants, als ciclistes i als vianants implicats. La clau per a determinar la quantia i la viabilitat de la reclamaci\u00f3 \u00e9s establir amb claredat qui va ser el responsable de l&#8217;accident.<\/p>\n\n\n\n<p>Si la culpa va ser exclusivament de l&#8217;altre conductor, la reclamaci\u00f3 \u00e9s directa i els danys solen estar coberts per la seva asseguran\u00e7a de responsabilitat civil obligatori. Quan existeix el que jur\u00eddicament es denomina concurr\u00e8ncia de culpes, \u00e9s a dir, quan diversos conductors van contribuir a l&#8217;accident amb la seva conducta, la indemnitzaci\u00f3 es distribueix proporcionalment segons el grau de responsabilitat de cadascun. Fins i tot en els casos en qu\u00e8 el causant de l&#8217;accident manqui de segur o s&#8217;hagi donat a la fugida, el Consorci de Compensaci\u00f3 d&#8217;Assegurances cobreix els danys a les v\u00edctimes, per la qual cosa sempre existeix una via de reclamaci\u00f3.<\/p>\n\n\n\n<h2 class=\"wp-block-heading\"><br>Qu\u00e8 es pot reclamar i per qu\u00e8 importa no afanyar-se<\/h2>\n\n\n\n<p>La indemnitzaci\u00f3 per accident de tr\u00e0nsit pot cobrir conceptes molt distints: els dies d&#8217;hospitalitzaci\u00f3 i de baixa laboral, les seq\u00fceles permanents, les despeses de rehabilitaci\u00f3, la medicaci\u00f3, el transport adaptat, els danys materials del vehicle i, en els casos m\u00e9s greus, la p\u00e8rdua de capacitat per a treballar o les lesions que deriven en una incapacitat laboral reconeguda.<\/p>\n\n\n\n<p>Un dels errors m\u00e9s freq\u00fcents que veiem en el nostre despatx \u00e9s que les v\u00edctimes accepten l&#8217;oferta inicial de l&#8217;asseguradora abans de con\u00e8ixer l&#8217;abast real de les seves lesions. Moltes seq\u00fceles, especialment les neurol\u00f2giques i les ortop\u00e8diques, no es manifesten completament fins a setmanes o mesos despr\u00e9s de l&#8217;accident. Per aix\u00f2, en <a href=\"https:\/\/aitanasanchez.es\/ca\/\">Aitana S\u00e1nchez\u00a0Abogados<\/a>\u00a0sempre recomanem no signar cap acord amb l&#8217;asseguradora fins a haver realitzat una valoraci\u00f3 m\u00e8dica completa i haver consultat amb un <strong><a href=\"https:\/\/aitanasanchez.es\/ca\/advocat-accident-de-transit-barcelona\/\">advocat especialista en accidents de tr\u00e0nsit a Barcelona<\/a>.<\/strong><\/p>\n\n\n\n<h2 class=\"wp-block-heading\"><br>Per qu\u00e8 no conv\u00e9 confiar en l&#8217;advocat de l&#8217;asseguradora<\/h2>\n\n\n\n<p>Les companyies asseguradores disposen d&#8217;equips jur\u00eddics i perits propis l&#8217;objectiu dels quals \u00e9s minimitzar l&#8217;import de les indemnitzacions que paguen. No actuen en inter\u00e8s de la v\u00edctima, encara que a vegades puguin semblar-ho. Un perit de part independent pot elaborar un informe m\u00e8dic que reflecteixi fidelment l&#8217;impacte real de l&#8217;accident en la salut i en la vida quotidiana de l&#8217;afectat, un informe que marcar\u00e0 una difer\u00e8ncia significativa si el cas arriba a judici.<\/p>\n\n\n\n<p>En el nostre equip col\u00b7laborem amb metges i perits especialitzats en valoraci\u00f3 del mal corporal, la qual cosa ens permet construir una estrat\u00e8gia de reclamaci\u00f3 s\u00f2lida que contempli tant els danys presents com els que puguin manifestar-se en el futur. Aquesta visi\u00f3 integral, que combina el coneixement jur\u00eddic amb el criteri m\u00e8dic, \u00e9s el que ens permet defensar els interessos dels nostres clients amb garanties reals.<\/p>\n\n\n\n<h2 class=\"wp-block-heading\">Terminis i primers passos despr\u00e9s de l&#8217;accident<\/h2>\n\n\n\n<p>En mat\u00e8ria d&#8217;accidents de tr\u00e0nsit, el termini general per a reclamar indemnitzaci\u00f3 accidenti tr\u00e0nsit \u00e9s d&#8217;un any des de la data de l&#8217;accident o, si va haver-hi proc\u00e9s penal, des que la sent\u00e8ncia \u00e9s ferma. Aquest termini pot semblar ampli, per\u00f2 en la pr\u00e0ctica el temps es consumeix r\u00e0pidament entre la recuperaci\u00f3, la recopilaci\u00f3 de documentaci\u00f3 i les gestions amb l&#8217;asseguradora. Actuar amb promptitud sempre juga a favor de la v\u00edctima.<\/p>\n\n\n\n<p>Des del primer moment \u00e9s important sol\u00b7licitar l&#8217;atestat policial, conservar tots els informes m\u00e8dics i els justificants de despesa, i no fer declaracions a l&#8217;asseguradora contr\u00e0ria sense assessorament previ. Qualsevol dada que es faciliti en aquesta fase pot utilitzar-se posteriorment per a reduir la indemnitzaci\u00f3.<\/p>\n\n\n\n<p>Si has sofert un sinistre vial i cerques un<strong> <a href=\"https:\/\/aitanasanchez.es\/ca\/advocat-accident-de-transit-barcelona\/\">advocat especialista en accidents de tr\u00e0nsit a Barcelona<\/a><\/strong>, en <a href=\"https:\/\/aitanasanchez.es\/ca\/\">Aitana S\u00e1nchez\u00a0Abogados<\/a>\u00a0analitzem el teu cas sense comprom\u00eds. El nostre equip t&#8217;acompanyar\u00e0 en cada etapa del proc\u00e9s, des de la valoraci\u00f3 inicial fins a la resoluci\u00f3 final, amb el comprom\u00eds, l&#8217;experi\u00e8ncia i la proximitat que mereixes.<\/p>\n\n\n\n<p><\/p>\n\n\n\n<p><\/p>\n","protected":false},"excerpt":{"rendered":"<p>Sabem que el moment de l&#8217;accident \u00e9s dels m\u00e9s dif\u00edcils que pot travessar una persona<\/p>\n","protected":false},"author":5,"featured_media":6431,"comment_status":"closed","ping_status":"open","sticky":false,"template":"","format":"standard","meta":{"footnotes":""},"categories":[61],"tags":[59],"class_list":["post-6430","post","type-post","status-publish","format-standard","has-post-thumbnail","hentry","category-advocat-accident-de-transit","tag-accidents-de-transit"],"_links":{"self":[{"href":"https:\/\/aitanasanchez.es\/ca\/wp-json\/wp\/v2\/posts\/6430","targetHints":{"allow":["GET"]}}],"collection":[{"href":"https:\/\/aitanasanchez.es\/ca\/wp-json\/wp\/v2\/posts"}],"about":[{"href":"https:\/\/aitanasanchez.es\/ca\/wp-json\/wp\/v2\/types\/post"}],"author":[{"embeddable":true,"href":"https:\/\/aitanasanchez.es\/ca\/wp-json\/wp\/v2\/users\/5"}],"replies":[{"embeddable":true,"href":"https:\/\/aitanasanchez.es\/ca\/wp-json\/wp\/v2\/comments?post=6430"}],"version-history":[{"count":1,"href":"https:\/\/aitanasanchez.es\/ca\/wp-json\/wp\/v2\/posts\/6430\/revisions"}],"predecessor-version":[{"id":6433,"href":"https:\/\/aitanasanchez.es\/ca\/wp-json\/wp\/v2\/posts\/6430\/revisions\/6433"}],"wp:featuredmedia":[{"embeddable":true,"href":"https:\/\/aitanasanchez.es\/ca\/wp-json\/wp\/v2\/media\/6431"}],"wp:attachment":[{"href":"https:\/\/aitanasanchez.es\/ca\/wp-json\/wp\/v2\/media?parent=6430"}],"wp:term":[{"taxonomy":"category","embeddable":true,"href":"https:\/\/aitanasanchez.es\/ca\/wp-json\/wp\/v2\/categories?post=6430"},{"taxonomy":"post_tag","embeddable":true,"href":"https:\/\/aitanasanchez.es\/ca\/wp-json\/wp\/v2\/tags?post=6430"}],"curies":[{"name":"wp","href":"https:\/\/api.w.org\/{rel}","templated":true}]}}